{"id":2236,"date":"2023-05-31T14:27:36","date_gmt":"2023-05-31T14:27:36","guid":{"rendered":"https:\/\/sueco.net\/?p=2236"},"modified":"2023-05-31T14:30:10","modified_gmt":"2023-05-31T14:30:10","slug":"transformaciones-para-una-educacion-de-calidad","status":"publish","type":"post","link":"https:\/\/sueco.net\/?p=2236","title":{"rendered":"Transformaciones para una educaci\u00f3n de calidad"},"content":{"rendered":"\n<p><strong>Bogot\u00e1 D.C., diciembre 31 de 2022<\/strong>. El Ministerio de Educaci\u00f3n Nacional, en cabeza de Alejandro Gaviria, cierra el 2022 con un trabajo decidido hacia una educaci\u00f3n equitativa, inclusiva y de calidad, la cual traer\u00e1 consigo una serie de reformas estructurales que requiere el sector en el 2023.<\/p>\n\n\n\n<p>&#8220;Yo quisiera que todos habl\u00e1ramos de educaci\u00f3n de calidad, no de calidad de la educaci\u00f3n y cuando hablemos de educaci\u00f3n de calidad debemos tener en cuenta el bienestar de los estudiantes, de los maestros, de las maestras. La educaci\u00f3n de calidad tiene que incluir necesariamente un tema que ha salido y otra vez y es la salud mental&#8221;, dijo el ministro de Educaci\u00f3n, Alejandro Gaviria.<\/p>\n\n\n\n<p>El Ministro indic\u00f3 que es necesario que las escuelas y colegios se conviertan en centros comunitarios donde la comunidad se fortalezca y se ofrezca una educaci\u00f3n para la vida.<\/p>\n\n\n\n<p>Tomado de: <a href=\"https:\/\/www.mineducacion.gov.co\/portal\/salaprensa\/Comunicados\/413510:2023-el-ano-de-las-transformaciones-para-una-educacion-de-calidad\">https:\/\/www.mineducacion.gov.co\/portal\/salaprensa\/Comunicados\/413510:2023-el-ano-de-las-transformaciones-para-una-educacion-de-calidad<\/a><\/p>\n","protected":false},"excerpt":{"rendered":"<p>Bogot\u00e1 D.C., diciembre 31 de 2022. El Ministerio de Educaci\u00f3n Nacional, en cabeza de Alejandro Gaviria, cierra el 2022 con un trabajo decidido hacia una educaci\u00f3n equitativa, inclusiva y de calidad, la cual traer\u00e1 consigo una serie de reformas estructurales que requiere el sector en el 2023. &#8220;Yo quisiera que todos habl\u00e1ramos de educaci\u00f3n de [&hellip;]<\/p>\n","protected":false},"author":1,"featured_media":0,"comment_status":"open","ping_status":"open","sticky":false,"template":"","format":"standard","meta":{"_uag_custom_page_level_css":"","site-sidebar-layout":"default","site-content-layout":"","ast-site-content-layout":"default","site-content-style":"default","site-sidebar-style":"default","ast-global-header-display":"","ast-banner-title-visibility":"","ast-main-header-display":"","ast-hfb-above-header-display":"","ast-hfb-below-header-display":"","ast-hfb-mobile-header-display":"","site-post-title":"","ast-breadcrumbs-content":"","ast-featured-img":"","footer-sml-layout":"","ast-disable-related-posts":"","theme-transparent-header-meta":"","adv-header-id-meta":"","stick-header-meta":"","header-above-stick-meta":"","header-main-stick-meta":"","header-below-stick-meta":"","astra-migrate-meta-layouts":"default","ast-page-background-enabled":"default","ast-page-background-meta":{"desktop":{"background-color":"var(--ast-global-color-4)","background-image":"","background-repeat":"repeat","background-position":"center center","background-size":"auto","background-attachment":"scroll","background-type":"","background-media":"","overlay-type":"","overlay-color":"","overlay-opacity":"","overlay-gradient":""},"tablet":{"background-color":"","background-image":"","background-repeat":"repeat","background-position":"center center","background-size":"auto","background-attachment":"scroll","background-type":"","background-media":"","overlay-type":"","overlay-color":"","overlay-opacity":"","overlay-gradient":""},"mobile":{"background-color":"","background-image":"","background-repeat":"repeat","background-position":"center center","background-size":"auto","background-attachment":"scroll","background-type":"","background-media":"","overlay-type":"","overlay-color":"","overlay-opacity":"","overlay-gradient":""}},"ast-content-background-meta":{"desktop":{"background-color":"var(--ast-global-color-5)","background-image":"","background-repeat":"repeat","background-position":"center center","background-size":"auto","background-attachment":"scroll","background-type":"","background-media":"","overlay-type":"","overlay-color":"","overlay-opacity":"","overlay-gradient":""},"tablet":{"background-color":"var(--ast-global-color-5)","background-image":"","background-repeat":"repeat","background-position":"center center","background-size":"auto","background-attachment":"scroll","background-type":"","background-media":"","overlay-type":"","overlay-color":"","overlay-opacity":"","overlay-gradient":""},"mobile":{"background-color":"var(--ast-global-color-5)","background-image":"","background-repeat":"repeat","background-position":"center center","background-size":"auto","background-attachment":"scroll","background-type":"","background-media":"","overlay-type":"","overlay-color":"","overlay-opacity":"","overlay-gradient":""}}},"categories":[28],"tags":[],"uagb_featured_image_src":{"full":false,"thumbnail":false,"medium":false,"medium_large":false,"large":false,"1536x1536":false,"2048x2048":false},"uagb_author_info":{"display_name":"NIpSro86P6","author_link":"https:\/\/sueco.net\/?author=1"},"uagb_comment_info":21,"uagb_excerpt":"Bogot\u00e1 D.C., diciembre 31 de 2022. El Ministerio de Educaci\u00f3n Nacional, en cabeza de Alejandro Gaviria, cierra el 2022 con un trabajo decidido hacia una educaci\u00f3n equitativa, inclusiva y de calidad, la cual traer\u00e1 consigo una serie de reformas estructurales que requiere el sector en el 2023. &#8220;Yo quisiera que todos habl\u00e1ramos de educaci\u00f3n de&hellip;","_links":{"self":[{"href":"https:\/\/sueco.net\/index.php?rest_route=\/wp\/v2\/posts\/2236"}],"collection":[{"href":"https:\/\/sueco.net\/index.php?rest_route=\/wp\/v2\/posts"}],"about":[{"href":"https:\/\/sueco.net\/index.php?rest_route=\/wp\/v2\/types\/post"}],"author":[{"embeddable":true,"href":"https:\/\/sueco.net\/index.php?rest_route=\/wp\/v2\/users\/1"}],"replies":[{"embeddable":true,"href":"https:\/\/sueco.net\/index.php?rest_route=%2Fwp%2Fv2%2Fcomments&post=2236"}],"version-history":[{"count":3,"href":"https:\/\/sueco.net\/index.php?rest_route=\/wp\/v2\/posts\/2236\/revisions"}],"predecessor-version":[{"id":2239,"href":"https:\/\/sueco.net\/index.php?rest_route=\/wp\/v2\/posts\/2236\/revisions\/2239"}],"wp:attachment":[{"href":"https:\/\/sueco.net\/index.php?rest_route=%2Fwp%2Fv2%2Fmedia&parent=2236"}],"wp:term":[{"taxonomy":"category","embeddable":true,"href":"https:\/\/sueco.net\/index.php?rest_route=%2Fwp%2Fv2%2Fcategories&post=2236"},{"taxonomy":"post_tag","embeddable":true,"href":"https:\/\/sueco.net\/index.php?rest_route=%2Fwp%2Fv2%2Ftags&post=2236"}],"curies":[{"name":"wp","href":"https:\/\/api.w.org\/{rel}","templated":true}]}}